{"id":464,"date":"2019-02-06T22:44:14","date_gmt":"2019-02-06T21:44:14","guid":{"rendered":"https:\/\/torcymages.com\/?p=464"},"modified":"2023-12-04T22:45:12","modified_gmt":"2023-12-04T21:45:12","slug":"selection-du-jury-2019-connue","status":"publish","type":"post","link":"https:\/\/torcymages.com\/index.php\/2019\/02\/06\/selection-du-jury-2019-connue\/","title":{"rendered":"S\u00e9lection du Jury 2019 connue"},"content":{"rendered":"<p style=\"text-align: center;\">Le jury de pr\u00e9s\u00e9lection, apr\u00e8s d\u00e9lib\u00e9ration, <strong><u>a retenu<\/u><\/strong>&nbsp;les courts m\u00e9trages suivants pour la deuxi\u00e8me partie du concours&nbsp;:<\/p>\n<p style=\"text-align: center;\"><strong>&#8211; Les Becs br\u00fbl\u00e9s <\/strong>de Lyc\u00e9e des m\u00e9tiers H. Senez <span>&nbsp;<\/span>&#8211; <span>&nbsp;<\/span>62 <span>&nbsp;<\/span>HENIN BEAUMONT<\/p>\n<p style=\"text-align: center;\"><strong>&#8211; Rencontre du \u00e9ni\u00e8me type <\/strong>de MORIN Claire<span>&nbsp; <\/span>&#8211; <span>&nbsp;<\/span>94 <span>&nbsp;<\/span>JOINVILLE LE PONT<\/p>\n<p style=\"text-align: center;\"><strong>&#8211; Sweet meet <span>&nbsp;<\/span><\/strong>de INBONA<span>&nbsp;<\/span>Xavier <span>&nbsp;<\/span>&#8211;<span>&nbsp; <\/span>71 GUEUGNON<\/p>\n<p style=\"text-align: center;\"><strong>&#8211; Treizembre <\/strong>de DUMAS Nicolas \u00c9cole de Diges<span>&nbsp;&nbsp; <\/span>&#8211;<span>&nbsp;&nbsp; <\/span>89<span>&nbsp;<\/span>LEVIS<\/p>\n<p style=\"text-align: center;\"><strong>&#8211; Hypnosis <\/strong>de TRUJILLO David <span>&nbsp;<\/span>&#8211;<span>&nbsp;<\/span>75<span>&nbsp; <\/span>PARIS<\/p>\n<p style=\"text-align: center;\"><strong>&#8211; L&rsquo;habit ne fait pas la belle <\/strong>de BERESINA<span>&nbsp; <\/span>Jean-Jacques <span>&nbsp;<\/span>&#8211; <span>&nbsp;<\/span><span>71&nbsp; TORCY&nbsp;&nbsp;&nbsp;&nbsp;&nbsp;&nbsp;&nbsp;&nbsp;&nbsp;&nbsp;&nbsp;&nbsp;&nbsp;&nbsp;&nbsp; <\/span><\/p>\n<p style=\"text-align: center;\"><strong>&#8211; Mon fr\u00e8re<\/strong> de INBONA<span>&nbsp;<\/span>Xavier <span>&nbsp;<\/span>&#8211;<span>&nbsp; <\/span>71 GUEUGNON<\/p>\n<p style=\"text-align: center;\"><strong>&#8211; Les dix rebelles d\u2019Enfance jeunesse<span>&nbsp; <\/span><\/strong>&#8211; 71 TORCY<span>&nbsp;&nbsp;&nbsp;&nbsp;&nbsp;&nbsp;&nbsp;&nbsp;&nbsp;&nbsp;&nbsp;&nbsp;&nbsp;&nbsp;&nbsp; <\/span><\/p>\n<p style=\"text-align: center;\">&nbsp;<\/p>\n<p style=\"text-align: center;\">&nbsp;<\/p>\n<p style=\"text-align: center;\"><u>Les courts m\u00e9trages seront projet\u00e9s au public du festival comme indiqu\u00e9 ci-dessous<\/u>&nbsp;:<span>&nbsp;&nbsp;&nbsp;&nbsp; <\/span><\/p>\n<p style=\"text-align: center;\"><strong><em>Projection non-stop des vid\u00e9os s\u00e9lectionn\u00e9es&nbsp;:<\/em><\/strong><\/p>\n<p style=\"text-align: center;\"><em>Lieu&nbsp;: le&nbsp;<strong>C2<\/strong><span>&nbsp; <\/span><\/em><em>Centre Culturel de Torcy (71)<\/em><\/p>\n<p style=\"text-align: center;\"><em>Samedi 23 f\u00e9vrier de 14h30 \u00e0 18h30<span>&nbsp;&nbsp;&nbsp;&nbsp;&nbsp;&nbsp;&nbsp;&nbsp;&nbsp;&nbsp;&nbsp;&nbsp;&nbsp;&nbsp;&nbsp;&nbsp;&nbsp;&nbsp;&nbsp;&nbsp;&nbsp;&nbsp;&nbsp;&nbsp;&nbsp;&nbsp;&nbsp;&nbsp;&nbsp;&nbsp;&nbsp;&nbsp;&nbsp;&nbsp;&nbsp;&nbsp;&nbsp;&nbsp;&nbsp;&nbsp;&nbsp;&nbsp; <\/span><\/em><\/p>\n<p style=\"text-align: center;\"><em>Dimanche 24 f\u00e9vrier de 10h00 \u00e0 12h00<\/em><\/p>\n<p style=\"text-align: center;\"><em>et de 14h00 \u00e0 18h00<\/em><\/p>\n<p style=\"text-align: center;\"><em>Dur\u00e9e de la boucle&nbsp;: 1h10<\/em><\/p>\n<p style=\"text-align: center;\">&nbsp;<\/p>\n<p style=\"text-align: center;\"><strong><u>Entr\u00e9e gratuite<\/u><\/strong><\/p>\n","protected":false},"excerpt":{"rendered":"<p>Le jury de pr\u00e9s\u00e9lection, apr\u00e8s d\u00e9lib\u00e9ration, a retenu&nbsp;les courts m\u00e9trages suivants pour la deuxi\u00e8me partie du concours&nbsp;: &#8211; Les Becs br\u00fbl\u00e9s de Lyc\u00e9e des m\u00e9tiers H. Senez &nbsp;&#8211; &nbsp;62 &nbsp;HENIN BEAUMONT &#8211; Rencontre du \u00e9ni\u00e8me type de MORIN Claire&nbsp; &#8211; &nbsp;94 &nbsp;JOINVILLE LE PONT &#8211; Sweet meet &nbsp;de INBONA&nbsp;Xavier &nbsp;&#8211;&nbsp; 71 GUEUGNON &#8211; Treizembre de<\/p>\n","protected":false},"author":1,"featured_media":465,"comment_status":"open","ping_status":"open","sticky":false,"template":"","format":"standard","meta":{"footnotes":""},"categories":[1],"tags":[],"class_list":["post-464","post","type-post","status-publish","format-standard","has-post-thumbnail","hentry","category-infos"],"yoast_head":"<!-- This site is optimized with the Yoast SEO plugin v26.9 - https:\/\/yoast.com\/product\/yoast-seo-wordpress\/ -->\n<title>S\u00e9lection du Jury 2019 connue - Torcymages<\/title>\n<meta name=\"robots\" content=\"index, follow, max-snippet:-1, max-image-preview:large, max-video-preview:-1\" \/>\n<link rel=\"canonical\" href=\"https:\/\/torcymages.com\/index.php\/2019\/02\/06\/selection-du-jury-2019-connue\/\" \/>\n<meta property=\"og:locale\" content=\"fr_FR\" \/>\n<meta property=\"og:type\" content=\"article\" \/>\n<meta property=\"og:title\" content=\"S\u00e9lection du Jury 2019 connue - Torcymages\" \/>\n<meta property=\"og:description\" content=\"Le jury de pr\u00e9s\u00e9lection, apr\u00e8s d\u00e9lib\u00e9ration, a retenu&nbsp;les courts m\u00e9trages suivants pour la deuxi\u00e8me partie du concours&nbsp;: &#8211; Les Becs br\u00fbl\u00e9s de Lyc\u00e9e des m\u00e9tiers H. Senez &nbsp;&#8211; &nbsp;62 &nbsp;HENIN BEAUMONT &#8211; Rencontre du \u00e9ni\u00e8me type de MORIN Claire&nbsp; &#8211; &nbsp;94 &nbsp;JOINVILLE LE PONT &#8211; Sweet meet &nbsp;de INBONA&nbsp;Xavier &nbsp;&#8211;&nbsp; 71 GUEUGNON &#8211; Treizembre de\" \/>\n<meta property=\"og:url\" content=\"https:\/\/torcymages.com\/index.php\/2019\/02\/06\/selection-du-jury-2019-connue\/\" \/>\n<meta property=\"og:site_name\" content=\"Torcymages\" \/>\n<meta property=\"article:published_time\" content=\"2019-02-06T21:44:14+00:00\" \/>\n<meta property=\"article:modified_time\" content=\"2023-12-04T21:45:12+00:00\" \/>\n<meta property=\"og:image\" content=\"https:\/\/torcymages.com\/wp-content\/uploads\/2023\/12\/Selection-2019.jpg\" \/>\n\t<meta property=\"og:image:width\" content=\"946\" \/>\n\t<meta property=\"og:image:height\" content=\"685\" \/>\n\t<meta property=\"og:image:type\" content=\"image\/jpeg\" \/>\n<meta name=\"author\" content=\"Sebastien435@\" \/>\n<meta name=\"twitter:card\" content=\"summary_large_image\" \/>\n<meta name=\"twitter:label1\" content=\"\u00c9crit par\" \/>\n\t<meta name=\"twitter:data1\" content=\"Sebastien435@\" \/>\n\t<meta name=\"twitter:label2\" content=\"Dur\u00e9e de lecture estim\u00e9e\" \/>\n\t<meta name=\"twitter:data2\" content=\"1 minute\" \/>\n<script type=\"application\/ld+json\" class=\"yoast-schema-graph\">{\"@context\":\"https:\/\/schema.org\",\"@graph\":[{\"@type\":\"Article\",\"@id\":\"https:\/\/torcymages.com\/index.php\/2019\/02\/06\/selection-du-jury-2019-connue\/#article\",\"isPartOf\":{\"@id\":\"https:\/\/torcymages.com\/index.php\/2019\/02\/06\/selection-du-jury-2019-connue\/\"},\"author\":{\"name\":\"Sebastien435@\",\"@id\":\"https:\/\/torcymages.com\/#\/schema\/person\/9a50509e16bb35ac3bcf3db88c413517\"},\"headline\":\"S\u00e9lection du Jury 2019 connue\",\"datePublished\":\"2019-02-06T21:44:14+00:00\",\"dateModified\":\"2023-12-04T21:45:12+00:00\",\"mainEntityOfPage\":{\"@id\":\"https:\/\/torcymages.com\/index.php\/2019\/02\/06\/selection-du-jury-2019-connue\/\"},\"wordCount\":282,\"commentCount\":0,\"image\":{\"@id\":\"https:\/\/torcymages.com\/index.php\/2019\/02\/06\/selection-du-jury-2019-connue\/#primaryimage\"},\"thumbnailUrl\":\"https:\/\/torcymages.com\/wp-content\/uploads\/2023\/12\/Selection-2019.jpg\",\"articleSection\":[\"Informations\"],\"inLanguage\":\"fr-FR\",\"potentialAction\":[{\"@type\":\"CommentAction\",\"name\":\"Comment\",\"target\":[\"https:\/\/torcymages.com\/index.php\/2019\/02\/06\/selection-du-jury-2019-connue\/#respond\"]}]},{\"@type\":\"WebPage\",\"@id\":\"https:\/\/torcymages.com\/index.php\/2019\/02\/06\/selection-du-jury-2019-connue\/\",\"url\":\"https:\/\/torcymages.com\/index.php\/2019\/02\/06\/selection-du-jury-2019-connue\/\",\"name\":\"S\u00e9lection du Jury 2019 connue - Torcymages\",\"isPartOf\":{\"@id\":\"https:\/\/torcymages.com\/#website\"},\"primaryImageOfPage\":{\"@id\":\"https:\/\/torcymages.com\/index.php\/2019\/02\/06\/selection-du-jury-2019-connue\/#primaryimage\"},\"image\":{\"@id\":\"https:\/\/torcymages.com\/index.php\/2019\/02\/06\/selection-du-jury-2019-connue\/#primaryimage\"},\"thumbnailUrl\":\"https:\/\/torcymages.com\/wp-content\/uploads\/2023\/12\/Selection-2019.jpg\",\"datePublished\":\"2019-02-06T21:44:14+00:00\",\"dateModified\":\"2023-12-04T21:45:12+00:00\",\"author\":{\"@id\":\"https:\/\/torcymages.com\/#\/schema\/person\/9a50509e16bb35ac3bcf3db88c413517\"},\"breadcrumb\":{\"@id\":\"https:\/\/torcymages.com\/index.php\/2019\/02\/06\/selection-du-jury-2019-connue\/#breadcrumb\"},\"inLanguage\":\"fr-FR\",\"potentialAction\":[{\"@type\":\"ReadAction\",\"target\":[\"https:\/\/torcymages.com\/index.php\/2019\/02\/06\/selection-du-jury-2019-connue\/\"]}]},{\"@type\":\"ImageObject\",\"inLanguage\":\"fr-FR\",\"@id\":\"https:\/\/torcymages.com\/index.php\/2019\/02\/06\/selection-du-jury-2019-connue\/#primaryimage\",\"url\":\"https:\/\/torcymages.com\/wp-content\/uploads\/2023\/12\/Selection-2019.jpg\",\"contentUrl\":\"https:\/\/torcymages.com\/wp-content\/uploads\/2023\/12\/Selection-2019.jpg\",\"width\":946,\"height\":685},{\"@type\":\"BreadcrumbList\",\"@id\":\"https:\/\/torcymages.com\/index.php\/2019\/02\/06\/selection-du-jury-2019-connue\/#breadcrumb\",\"itemListElement\":[{\"@type\":\"ListItem\",\"position\":1,\"name\":\"Accueil\",\"item\":\"https:\/\/torcymages.com\/\"},{\"@type\":\"ListItem\",\"position\":2,\"name\":\"S\u00e9lection du Jury 2019 connue\"}]},{\"@type\":\"WebSite\",\"@id\":\"https:\/\/torcymages.com\/#website\",\"url\":\"https:\/\/torcymages.com\/\",\"name\":\"Torcymages\",\"description\":\"34\u00e8me festival du court m\u00e9trage amateur de Torcy (71)\",\"potentialAction\":[{\"@type\":\"SearchAction\",\"target\":{\"@type\":\"EntryPoint\",\"urlTemplate\":\"https:\/\/torcymages.com\/?s={search_term_string}\"},\"query-input\":{\"@type\":\"PropertyValueSpecification\",\"valueRequired\":true,\"valueName\":\"search_term_string\"}}],\"inLanguage\":\"fr-FR\"},{\"@type\":\"Person\",\"@id\":\"https:\/\/torcymages.com\/#\/schema\/person\/9a50509e16bb35ac3bcf3db88c413517\",\"name\":\"Sebastien435@\",\"image\":{\"@type\":\"ImageObject\",\"inLanguage\":\"fr-FR\",\"@id\":\"https:\/\/torcymages.com\/#\/schema\/person\/image\/\",\"url\":\"https:\/\/secure.gravatar.com\/avatar\/031903536d0a176c15fa7af9a3731d97f17dd2e75ab03ab90d359eabb87ebaba?s=96&d=mm&r=g\",\"contentUrl\":\"https:\/\/secure.gravatar.com\/avatar\/031903536d0a176c15fa7af9a3731d97f17dd2e75ab03ab90d359eabb87ebaba?s=96&d=mm&r=g\",\"caption\":\"Sebastien435@\"},\"sameAs\":[\"https:\/\/torcymages.com\"],\"url\":\"https:\/\/torcymages.com\/index.php\/author\/sebastien435\/\"}]}<\/script>\n<!-- \/ Yoast SEO plugin. -->","yoast_head_json":{"title":"S\u00e9lection du Jury 2019 connue - Torcymages","robots":{"index":"index","follow":"follow","max-snippet":"max-snippet:-1","max-image-preview":"max-image-preview:large","max-video-preview":"max-video-preview:-1"},"canonical":"https:\/\/torcymages.com\/index.php\/2019\/02\/06\/selection-du-jury-2019-connue\/","og_locale":"fr_FR","og_type":"article","og_title":"S\u00e9lection du Jury 2019 connue - Torcymages","og_description":"Le jury de pr\u00e9s\u00e9lection, apr\u00e8s d\u00e9lib\u00e9ration, a retenu&nbsp;les courts m\u00e9trages suivants pour la deuxi\u00e8me partie du concours&nbsp;: &#8211; Les Becs br\u00fbl\u00e9s de Lyc\u00e9e des m\u00e9tiers H. Senez &nbsp;&#8211; &nbsp;62 &nbsp;HENIN BEAUMONT &#8211; Rencontre du \u00e9ni\u00e8me type de MORIN Claire&nbsp; &#8211; &nbsp;94 &nbsp;JOINVILLE LE PONT &#8211; Sweet meet &nbsp;de INBONA&nbsp;Xavier &nbsp;&#8211;&nbsp; 71 GUEUGNON &#8211; Treizembre de","og_url":"https:\/\/torcymages.com\/index.php\/2019\/02\/06\/selection-du-jury-2019-connue\/","og_site_name":"Torcymages","article_published_time":"2019-02-06T21:44:14+00:00","article_modified_time":"2023-12-04T21:45:12+00:00","og_image":[{"width":946,"height":685,"url":"https:\/\/torcymages.com\/wp-content\/uploads\/2023\/12\/Selection-2019.jpg","type":"image\/jpeg"}],"author":"Sebastien435@","twitter_card":"summary_large_image","twitter_misc":{"\u00c9crit par":"Sebastien435@","Dur\u00e9e de lecture estim\u00e9e":"1 minute"},"schema":{"@context":"https:\/\/schema.org","@graph":[{"@type":"Article","@id":"https:\/\/torcymages.com\/index.php\/2019\/02\/06\/selection-du-jury-2019-connue\/#article","isPartOf":{"@id":"https:\/\/torcymages.com\/index.php\/2019\/02\/06\/selection-du-jury-2019-connue\/"},"author":{"name":"Sebastien435@","@id":"https:\/\/torcymages.com\/#\/schema\/person\/9a50509e16bb35ac3bcf3db88c413517"},"headline":"S\u00e9lection du Jury 2019 connue","datePublished":"2019-02-06T21:44:14+00:00","dateModified":"2023-12-04T21:45:12+00:00","mainEntityOfPage":{"@id":"https:\/\/torcymages.com\/index.php\/2019\/02\/06\/selection-du-jury-2019-connue\/"},"wordCount":282,"commentCount":0,"image":{"@id":"https:\/\/torcymages.com\/index.php\/2019\/02\/06\/selection-du-jury-2019-connue\/#primaryimage"},"thumbnailUrl":"https:\/\/torcymages.com\/wp-content\/uploads\/2023\/12\/Selection-2019.jpg","articleSection":["Informations"],"inLanguage":"fr-FR","potentialAction":[{"@type":"CommentAction","name":"Comment","target":["https:\/\/torcymages.com\/index.php\/2019\/02\/06\/selection-du-jury-2019-connue\/#respond"]}]},{"@type":"WebPage","@id":"https:\/\/torcymages.com\/index.php\/2019\/02\/06\/selection-du-jury-2019-connue\/","url":"https:\/\/torcymages.com\/index.php\/2019\/02\/06\/selection-du-jury-2019-connue\/","name":"S\u00e9lection du Jury 2019 connue - Torcymages","isPartOf":{"@id":"https:\/\/torcymages.com\/#website"},"primaryImageOfPage":{"@id":"https:\/\/torcymages.com\/index.php\/2019\/02\/06\/selection-du-jury-2019-connue\/#primaryimage"},"image":{"@id":"https:\/\/torcymages.com\/index.php\/2019\/02\/06\/selection-du-jury-2019-connue\/#primaryimage"},"thumbnailUrl":"https:\/\/torcymages.com\/wp-content\/uploads\/2023\/12\/Selection-2019.jpg","datePublished":"2019-02-06T21:44:14+00:00","dateModified":"2023-12-04T21:45:12+00:00","author":{"@id":"https:\/\/torcymages.com\/#\/schema\/person\/9a50509e16bb35ac3bcf3db88c413517"},"breadcrumb":{"@id":"https:\/\/torcymages.com\/index.php\/2019\/02\/06\/selection-du-jury-2019-connue\/#breadcrumb"},"inLanguage":"fr-FR","potentialAction":[{"@type":"ReadAction","target":["https:\/\/torcymages.com\/index.php\/2019\/02\/06\/selection-du-jury-2019-connue\/"]}]},{"@type":"ImageObject","inLanguage":"fr-FR","@id":"https:\/\/torcymages.com\/index.php\/2019\/02\/06\/selection-du-jury-2019-connue\/#primaryimage","url":"https:\/\/torcymages.com\/wp-content\/uploads\/2023\/12\/Selection-2019.jpg","contentUrl":"https:\/\/torcymages.com\/wp-content\/uploads\/2023\/12\/Selection-2019.jpg","width":946,"height":685},{"@type":"BreadcrumbList","@id":"https:\/\/torcymages.com\/index.php\/2019\/02\/06\/selection-du-jury-2019-connue\/#breadcrumb","itemListElement":[{"@type":"ListItem","position":1,"name":"Accueil","item":"https:\/\/torcymages.com\/"},{"@type":"ListItem","position":2,"name":"S\u00e9lection du Jury 2019 connue"}]},{"@type":"WebSite","@id":"https:\/\/torcymages.com\/#website","url":"https:\/\/torcymages.com\/","name":"Torcymages","description":"34\u00e8me festival du court m\u00e9trage amateur de Torcy (71)","potentialAction":[{"@type":"SearchAction","target":{"@type":"EntryPoint","urlTemplate":"https:\/\/torcymages.com\/?s={search_term_string}"},"query-input":{"@type":"PropertyValueSpecification","valueRequired":true,"valueName":"search_term_string"}}],"inLanguage":"fr-FR"},{"@type":"Person","@id":"https:\/\/torcymages.com\/#\/schema\/person\/9a50509e16bb35ac3bcf3db88c413517","name":"Sebastien435@","image":{"@type":"ImageObject","inLanguage":"fr-FR","@id":"https:\/\/torcymages.com\/#\/schema\/person\/image\/","url":"https:\/\/secure.gravatar.com\/avatar\/031903536d0a176c15fa7af9a3731d97f17dd2e75ab03ab90d359eabb87ebaba?s=96&d=mm&r=g","contentUrl":"https:\/\/secure.gravatar.com\/avatar\/031903536d0a176c15fa7af9a3731d97f17dd2e75ab03ab90d359eabb87ebaba?s=96&d=mm&r=g","caption":"Sebastien435@"},"sameAs":["https:\/\/torcymages.com"],"url":"https:\/\/torcymages.com\/index.php\/author\/sebastien435\/"}]}},"_links":{"self":[{"href":"https:\/\/torcymages.com\/index.php\/wp-json\/wp\/v2\/posts\/464","targetHints":{"allow":["GET"]}}],"collection":[{"href":"https:\/\/torcymages.com\/index.php\/wp-json\/wp\/v2\/posts"}],"about":[{"href":"https:\/\/torcymages.com\/index.php\/wp-json\/wp\/v2\/types\/post"}],"author":[{"embeddable":true,"href":"https:\/\/torcymages.com\/index.php\/wp-json\/wp\/v2\/users\/1"}],"replies":[{"embeddable":true,"href":"https:\/\/torcymages.com\/index.php\/wp-json\/wp\/v2\/comments?post=464"}],"version-history":[{"count":1,"href":"https:\/\/torcymages.com\/index.php\/wp-json\/wp\/v2\/posts\/464\/revisions"}],"predecessor-version":[{"id":466,"href":"https:\/\/torcymages.com\/index.php\/wp-json\/wp\/v2\/posts\/464\/revisions\/466"}],"wp:featuredmedia":[{"embeddable":true,"href":"https:\/\/torcymages.com\/index.php\/wp-json\/wp\/v2\/media\/465"}],"wp:attachment":[{"href":"https:\/\/torcymages.com\/index.php\/wp-json\/wp\/v2\/media?parent=464"}],"wp:term":[{"taxonomy":"category","embeddable":true,"href":"https:\/\/torcymages.com\/index.php\/wp-json\/wp\/v2\/categories?post=464"},{"taxonomy":"post_tag","embeddable":true,"href":"https:\/\/torcymages.com\/index.php\/wp-json\/wp\/v2\/tags?post=464"}],"curies":[{"name":"wp","href":"https:\/\/api.w.org\/{rel}","templated":true}]}}